{"id":5751,"date":"2024-03-12T17:23:46","date_gmt":"2024-03-12T14:23:46","guid":{"rendered":"https:\/\/ispace.az\/blog\/?p=5751"},"modified":"2024-03-12T17:26:53","modified_gmt":"2024-03-12T14:26:53","slug":"macbook-air-m3-haqqinda-h-r-sey-yenil-m-y-d-y-rmi","status":"publish","type":"post","link":"https:\/\/ispace.az\/blog\/macbook-air-m3-haqqinda-h-r-sey-yenil-m-y-d-y-rmi\/","title":{"rendered":"MacBook Air M3 haqq\u0131nda h\u0259r \u015fey. Yenil\u0259m\u0259y\u0259 d\u0259y\u0259rmi?"},"content":{"rendered":"\t\t<div data-elementor-type=\"wp-post\" data-elementor-id=\"5751\" class=\"elementor elementor-5751\" data-elementor-settings=\"[]\">\n\t\t\t\t\t\t\t<div class=\"elementor-section-wrap\">\n\t\t\t\t\t\t\t<section class=\"elementor-section elementor-top-section elementor-element elementor-element-ed90978 elementor-section-boxed elementor-section-height-default elementor-section-height-default\" data-id=\"ed90978\" data-element_type=\"section\">\n\t\t\t\t\t\t<div class=\"elementor-container elementor-column-gap-default\">\n\t\t\t\t\t<div class=\"elementor-column elementor-col-100 elementor-top-column elementor-element elementor-element-470e85c\" data-id=\"470e85c\" data-element_type=\"column\">\n\t\t\t<div class=\"elementor-widget-wrap elementor-element-populated\">\n\t\t\t\t\t\t\t\t<div class=\"elementor-element elementor-element-7b924da elementor-widget elementor-widget-text-editor\" data-id=\"7b924da\" data-element_type=\"widget\" data-widget_type=\"text-editor.default\">\n\t\t\t\t<div class=\"elementor-widget-container\">\n\t\t\t\t\t\t\t\t<p><strong>G\u0259lin yeni m\u0259hsul haqq\u0131nda daha \u0259trafl\u0131 dan\u0131\u015faq. Mart\u0131n 4-d\u0259 Apple 13,6 v\u0259 15,3 d\u00fcym g\u00fcc\u0259 malik, M3 prosessorlu iki yenil\u0259nmi\u015f MacBook Air modelini t\u0259qdim etdi. Yeni komp\u00fcterl\u0259rin \u0259sas x\u00fcsusiyy\u0259tl\u0259ri ultra portativ dizayn, yeni performans s\u0259viyy\u0259si, enerji s\u0259m\u0259r\u0259liliyi v\u0259 18 saatl\u0131q batareya \u00f6mr\u00fcn\u00fcn olmas\u0131d\u0131r. M3 \u00e7ipi \u0259n s\u00fcr\u0259tli Intel \u0259sasl\u0131 MacBook Air-d\u0259n 13 d\u0259f\u0259 daha s\u00fcr\u0259tli, M1 \u00e7ipli Apple noutbukundan is\u0259 60% daha m\u0259hsuldard\u0131r. Bu bloq yaz\u0131s\u0131nda ba\u015fqa m\u0259qamlar haqq\u0131nda da dan\u0131\u015facay\u0131q.<\/strong><\/p><h3 aria-level=\"2\">MacBook Air M3 2024-c\u00fc il modelind\u0259 hans\u0131 yenilikl\u0259r var?<\/h3><p>Yeni model intensiv y\u00fckl\u0259r \u00fc\u00e7\u00fcn n\u0259z\u0259rd\u0259 tutulub, s\u0259n\u0259dl\u0259r, videolar v\u0259 \u015f\u0259kill\u0259rl\u0259 i\u015fl\u0259m\u0259k \u00fc\u00e7\u00fcn ideald\u0131r. O, h\u0259m d\u0259 internetd\u0259 vaxt ke\u00e7irm\u0259k, video z\u0259ngl\u0259ri, film izl\u0259m\u0259k v\u0259 oyunlar \u00fc\u00e7\u00fcn uy\u011fundur. \u018fsas f\u0259rqi is\u0259 siz \u0130ntel prosessorlu noutbukdan ke\u00e7id ed\u0259rk\u0259n hiss ed\u0259c\u0259ksiniz. Buna g\u00f6r\u0259 d\u0259 \u0259g\u0259r yenilik ist\u0259yirsinizs\u0259, birba\u015fa M3-\u0259 ke\u00e7m\u0259k daha yax\u015f\u0131d\u0131r.<\/p><h3 aria-level=\"3\">Midnight r\u0259ngi: korpusda daha az &#8220;barmaq izi<\/h3><p>Yeni modell\u0259r g\u00f6r\u00fcn\u00fc\u015f c\u0259h\u0259td\u0259n dem\u0259k olar ki, M2 analoqlar\u0131n\u0131n sur\u0259tidir. \u0130\u015f eynidir v\u0259 divar vizuallar\u0131 da dem\u0259k olar ki, d\u0259yi\u015film\u0259yib. MacBook Air bizim onda sevdiyimiz x\u00fcsusiyy\u0259tl\u0259ri qoruyub saxlay\u0131b. Biz onu h\u0259l\u0259 d\u0259 y\u00fcng\u00fcl, erqonomik, ultra nazik (yar\u0131m d\u00fcymd\u0259n daha az qal\u0131nl\u0131q) oldu\u011fu \u00fc\u00e7\u00fcn sevirik. R\u0259ngl\u0259r d\u0259 d\u0259yi\u015film\u0259di v\u0259 eyni d\u00f6rd \u00e7alarda qald\u0131: &#8220;klassik g\u00fcm\u00fc\u015f&#8221;, &#8220;ulduz i\u015f\u0131\u011f\u0131&#8221;, &#8220;kosmik boz&#8221; v\u0259 &#8220;gec\u0259 yar\u0131s\u0131&#8221;. \u018fsas f\u0259rqlilik is\u0259 m\u0259hz sonuncu Midnight r\u0259ngind\u0259dir. O, \u00f6z\u00fcnd\u0259 al\u00fcminium \u00f6rt\u00fcy\u00fcn\u00fcn anodla\u015fd\u0131r\u0131lm\u0131\u015f inqilabi texnologiyas\u0131n\u0131 birl\u0259\u015fdirir. \u0130ndi t\u00fcnd mavi korpusun r\u0259ngi daha a\u00e7\u0131q \u00e7alar il\u0259 d\u0259yi\u015fdirildi v\u0259 o, indi daha az barmaq izi saxlay\u0131r.<\/p><p><strong><span class=\"EOP SCXW92141045 BCX8\" data-ccp-props=\"{\"><img decoding=\"async\" loading=\"lazy\" class=\"alignnone size-full wp-image-5722\" src=\"https:\/\/ispace.az\/blog\/wp-content\/uploads\/2024\/03\/2.jpeg\" alt=\"\" width=\"2560\" height=\"1100\" srcset=\"https:\/\/ispace.az\/blog\/wp-content\/uploads\/2024\/03\/2.jpeg 2560w, https:\/\/ispace.az\/blog\/wp-content\/uploads\/2024\/03\/2-300x129.jpeg 300w, https:\/\/ispace.az\/blog\/wp-content\/uploads\/2024\/03\/2-1024x440.jpeg 1024w, https:\/\/ispace.az\/blog\/wp-content\/uploads\/2024\/03\/2-768x330.jpeg 768w, https:\/\/ispace.az\/blog\/wp-content\/uploads\/2024\/03\/2-1536x660.jpeg 1536w, https:\/\/ispace.az\/blog\/wp-content\/uploads\/2024\/03\/2-2048x880.jpeg 2048w\" sizes=\"(max-width: 2560px) 100vw, 2560px\" \/><\/span><\/strong><\/p><p>\u00d6l\u00e7\u00fcl\u0259r haqq\u0131nda dan\u0131\u015f\u0131r\u0131qsa, h\u0259r k\u0259s \u00f6z\u00fc \u00fc\u00e7\u00fcn daha \u0259lveri\u015fli olan\u0131 se\u00e7ir. 13 d\u00fcyml\u00fck korpus portativliyi, 15 d\u00fcyml\u00fck is\u0259 b\u00f6y\u00fck ekran qar\u015f\u0131s\u0131nda i\u015fl\u0259m\u0259yi sev\u0259nl\u0259r \u00fc\u00e7\u00fcn n\u0259z\u0259rd\u0259 tutulub.<\/p><p><img decoding=\"async\" loading=\"lazy\" class=\"alignnone wp-image-5726 size-full\" src=\"https:\/\/ispace.az\/blog\/wp-content\/uploads\/2024\/03\/Snimok-ekrana-2024-03-11-183713.png\" alt=\"\" width=\"1030\" height=\"541\" srcset=\"https:\/\/ispace.az\/blog\/wp-content\/uploads\/2024\/03\/Snimok-ekrana-2024-03-11-183713.png 1030w, https:\/\/ispace.az\/blog\/wp-content\/uploads\/2024\/03\/Snimok-ekrana-2024-03-11-183713-300x158.png 300w, https:\/\/ispace.az\/blog\/wp-content\/uploads\/2024\/03\/Snimok-ekrana-2024-03-11-183713-1024x538.png 1024w, https:\/\/ispace.az\/blog\/wp-content\/uploads\/2024\/03\/Snimok-ekrana-2024-03-11-183713-768x403.png 768w\" sizes=\"(max-width: 1030px) 100vw, 1030px\" \/><\/p><p>Yeri g\u0259lmi\u015fk\u0259n, displey haqq\u0131nda. Liquid Retina heyr\u0259tamiz d\u0259r\u0259c\u0259d\u0259 ayd\u0131n v\u0259 parlaq t\u0259svirl\u0259r t\u0259qdim edir: 500 nit-\u0259 q\u0259d\u0259r parlaql\u0131q, 1 milyarda q\u0259d\u0259r r\u0259ngi \u00f6z\u00fcnd\u0259 birl\u0259\u015fdirir. \u0130caz\u0259 \u0259ks\u0259r analoqlardan 2 d\u0259f\u0259 daha y\u00fcks\u0259kdir: 15 d\u00fcyml\u00fck model \u00fc\u00e7\u00fcn 2800&#215;1864, 13 d\u00fcyml\u00fck \u00fc\u00e7\u00fcn is\u0259 2560&#215;1664.<\/p><p><img decoding=\"async\" loading=\"lazy\" class=\"alignnone size-full wp-image-5724\" src=\"https:\/\/ispace.az\/blog\/wp-content\/uploads\/2024\/03\/Apple-MacBook-Air-Liquid-Retina-Display-240304.jpg\" alt=\"\" width=\"1960\" height=\"1102\" srcset=\"https:\/\/ispace.az\/blog\/wp-content\/uploads\/2024\/03\/Apple-MacBook-Air-Liquid-Retina-Display-240304.jpg 1960w, https:\/\/ispace.az\/blog\/wp-content\/uploads\/2024\/03\/Apple-MacBook-Air-Liquid-Retina-Display-240304-300x169.jpg 300w, https:\/\/ispace.az\/blog\/wp-content\/uploads\/2024\/03\/Apple-MacBook-Air-Liquid-Retina-Display-240304-1024x576.jpg 1024w, https:\/\/ispace.az\/blog\/wp-content\/uploads\/2024\/03\/Apple-MacBook-Air-Liquid-Retina-Display-240304-768x432.jpg 768w, https:\/\/ispace.az\/blog\/wp-content\/uploads\/2024\/03\/Apple-MacBook-Air-Liquid-Retina-Display-240304-1536x864.jpg 1536w\" sizes=\"(max-width: 1960px) 100vw, 1960px\" \/><\/p><h3 aria-level=\"3\"><b><span data-contrast=\"none\">Wi-Fi<\/span><\/b><span data-ccp-props=\"{\">\u00a0<\/span><\/h3><p>Apple MacBook Air M3 \u0259n son Wi-Fi 6E simsiz \u015f\u0259b\u0259k\u0259 standart\u0131n\u0131 d\u0259st\u0259kl\u0259yir. Veb s\u0259hif\u0259l\u0259r brendin \u0259vv\u0259lki n\u0259sil noutbuklar\u0131 il\u0259 m\u00fcqayis\u0259d\u0259 iki d\u0259f\u0259 daha tez y\u00fckl\u0259nir.<\/p><p>Wi-Fi 6E-nin \u00f6t\u00fcrm\u0259 qabiliyy\u0259ti 10,8 Gbit\/s t\u0259\u015fkil edir. M\u00fcqayis\u0259 \u00fc\u00e7\u00fcn qeyd ed\u0259k ki, Wi-F\u0130 6, 9,6 Gbit\/s s\u00fcr\u0259t\u0259 malikdir. 12,5% b\u00f6y\u00fck bir f\u0259rq kimi g\u00f6r\u00fcnm\u0259y\u0259 bil\u0259r. Ancaq bu f\u0259rq b\u0259z\u0259n \u0259sas rolu oynay\u0131r.<\/p><p>\u018fsas odur ki, bu standart\u0131 d\u0259st\u0259kl\u0259y\u0259n uy\u011fun cihaza sahib olas\u0131n\u0131z. \u018fks halda siz bu f\u0259rqi qiym\u0259tl\u0259ndir\u0259 bilm\u0259y\u0259c\u0259ksiniz.<\/p><h3 aria-level=\"3\">\u0130ki xarici ekran<\/h3><p>Yeni Mac eyni anda iki xarici displeyi d\u0259st\u0259kl\u0259yir. \u018fvv\u0259lki MacBook Air M2-d\u0259 is\u0259 yaln\u0131z bir idi. Bu, bir ne\u00e7\u0259 tap\u015f\u0131r\u0131q \u00fcz\u0259rind\u0259 paralel i\u015fl\u0259m\u0259k v\u0259 s\u0259n\u0259dl\u0259ri payla\u015fd\u0131rmaq \u00fc\u00e7\u00fcn \u0259lveri\u015flidir. \u0130ki \u0259lav\u0259 ekran\u0131 birl\u0259\u015fdirm\u0259k \u00fc\u00e7\u00fcn noubuku ba\u011flamaq laz\u0131md\u0131r. \u00c7\u00fcnki a\u00e7\u0131q v\u0259ziyy\u0259td\u0259 olduqda yaln\u0131z bir xarici ekran i\u015fl\u0259yir.<\/p><p><span class=\"EOP SCXW89958857 BCX8\" data-ccp-props=\"{\"><img decoding=\"async\" loading=\"lazy\" class=\"alignnone size-full wp-image-5725\" src=\"https:\/\/ispace.az\/blog\/wp-content\/uploads\/2024\/03\/Apple-MacBook-Air-lifestyle-display-support-240304.jpg\" alt=\"\" width=\"1960\" height=\"1102\" srcset=\"https:\/\/ispace.az\/blog\/wp-content\/uploads\/2024\/03\/Apple-MacBook-Air-lifestyle-display-support-240304.jpg 1960w, https:\/\/ispace.az\/blog\/wp-content\/uploads\/2024\/03\/Apple-MacBook-Air-lifestyle-display-support-240304-300x169.jpg 300w, https:\/\/ispace.az\/blog\/wp-content\/uploads\/2024\/03\/Apple-MacBook-Air-lifestyle-display-support-240304-1024x576.jpg 1024w, https:\/\/ispace.az\/blog\/wp-content\/uploads\/2024\/03\/Apple-MacBook-Air-lifestyle-display-support-240304-768x432.jpg 768w, https:\/\/ispace.az\/blog\/wp-content\/uploads\/2024\/03\/Apple-MacBook-Air-lifestyle-display-support-240304-1536x864.jpg 1536w\" sizes=\"(max-width: 1960px) 100vw, 1960px\" \/><br \/><\/span><\/p><p>Bu funksiya \u0259sl sensasiyaya \u00e7evrildi: Art\u0131q bir monitorla m\u0259hdudla\u015fmaq laz\u0131m deyil. Yeni funksiya ilk n\u00f6vb\u0259d\u0259 biznesl\u0259 m\u0259\u015f\u011ful olan istifad\u0259\u00e7il\u0259r v\u0259 eyni anda m\u00fcxt\u0259lif t\u0259tbiql\u0259rd\u0259 i\u015fl\u0259y\u0259nl\u0259r t\u0259r\u0259find\u0259n y\u00fcks\u0259k qiym\u0259tl\u0259ndiril\u0259c\u0259kdir. \u018flav\u0259 monitorlar\u0131 birl\u0259\u015fdirm\u0259k \u00fc\u00e7\u00fcn art\u0131q he\u00e7 bir \u00e7\u0259tin \u0259m\u0259liyyata ehtiyac yoxdur.<\/p><h3 aria-level=\"3\">Daha yax\u015f\u0131 s\u0259s<\/h3><p>Video konfranslar h\u0259m i\u015fd\u0259, h\u0259m d\u0259 g\u00fcnd\u0259lik h\u0259yat\u0131m\u0131zda bir \u00e7oxumuz \u00fc\u00e7\u00fcn aktual \u00fcnsiyy\u0259t \u00fcsuluna \u00e7evrilib. D\u00fcz\u00fcn\u00fc des\u0259k, bir \u00e7ox noutbukda mikrofonlar pis i\u015fl\u0259yir. Ancaq bu MacBook-a aid deyil. M2 \u00e7ipli modell\u0259rd\u0259 y\u00fcks\u0259k keyfiyy\u0259tli s\u0259s \u00f6t\u00fcr\u00fclm\u0259sin\u0259 \u00fc\u00e7 mikrofon cavabdehdir. Yeni M3 modelind\u0259 is\u0259 onlar daha da t\u0259kmill\u0259\u015fdirilib:<\/p><ul><li data-leveltext=\"\u25cf\" data-font=\"\" data-listid=\"1\" data-list-defn-props=\"{\" aria-setsize=\"-1\" data-aria-posinset=\"1\" data-aria-level=\"1\">Laz\u0131ms\u0131z fon s\u0259s-k\u00fcy\u00fcn\u00fc aradan qald\u0131ran s\u0259s izolyasiya funksiyas\u0131 \u0259lav\u0259 edilib.<\/li><li data-leveltext=\"\u25cf\" data-font=\"\" data-listid=\"1\" data-list-defn-props=\"{\" aria-setsize=\"-1\" data-aria-posinset=\"2\" data-aria-level=\"1\">\u018fg\u0259r \u0259ksin\u0259, \u0259traf\u0131n\u0131zda ba\u015f ver\u0259n h\u0259r \u015feyi e\u015fitm\u0259k laz\u0131md\u0131rsa geni\u015f spektr rejimi var.<\/li><\/ul><p><em>Bunlar M3 cihazlar\u0131n\u0131n iki yeni x\u00fcsusiyy\u0259tidir. \u018fg\u0259r noutbukunuzdan tez-tez telefon z\u0259ngl\u0259ri h\u0259yata ke\u00e7irirsinizs\u0259, bu funksiyalar sizi m\u00fctl\u0259q sevindir\u0259c\u0259k.<\/em><\/p><ul><li data-leveltext=\"\u25cf\" data-font=\"\" data-listid=\"2\" data-list-defn-props=\"{\" aria-setsize=\"-1\" data-aria-posinset=\"3\" data-aria-level=\"1\">Yeni MacBook h\u0259m\u00e7inin y\u00fcks\u0259k keyfiyy\u0259td\u0259 s\u0259s yaz\u0131r.<\/li><li data-leveltext=\"\u25cf\" data-font=\"\" data-listid=\"2\" data-list-defn-props=\"{\" aria-setsize=\"-1\" data-aria-posinset=\"4\" data-aria-level=\"1\">Dolby Atmos s\u0259s texnologiyas\u0131 il\u0259 alt\u0131 dinamik s\u0259sin b\u0259rpas\u0131n\u0131 t\u0259min edir.<\/li><\/ul><p><img decoding=\"async\" loading=\"lazy\" class=\"alignnone size-full wp-image-5723\" src=\"https:\/\/ispace.az\/blog\/wp-content\/uploads\/2024\/03\/Apple-MacBook-Air-2-up-hero-240304.jpg\" alt=\"\" width=\"1960\" height=\"1102\" srcset=\"https:\/\/ispace.az\/blog\/wp-content\/uploads\/2024\/03\/Apple-MacBook-Air-2-up-hero-240304.jpg 1960w, https:\/\/ispace.az\/blog\/wp-content\/uploads\/2024\/03\/Apple-MacBook-Air-2-up-hero-240304-300x169.jpg 300w, https:\/\/ispace.az\/blog\/wp-content\/uploads\/2024\/03\/Apple-MacBook-Air-2-up-hero-240304-1024x576.jpg 1024w, https:\/\/ispace.az\/blog\/wp-content\/uploads\/2024\/03\/Apple-MacBook-Air-2-up-hero-240304-768x432.jpg 768w, https:\/\/ispace.az\/blog\/wp-content\/uploads\/2024\/03\/Apple-MacBook-Air-2-up-hero-240304-1536x864.jpg 1536w\" sizes=\"(max-width: 1960px) 100vw, 1960px\" \/><\/p><h3 aria-level=\"3\">Apple M3 prosessorunun hans\u0131 \u00fcst\u00fcnl\u00fckl\u0259ri var?<\/h3><p>Yeni MacBook Air-in \u0259n vacib \u00fcst\u00fcnl\u00fcy\u00fc olan prosessora g\u0259ldik.<\/p><p>H\u0259l\u0259 pay\u0131zda Apple yeni 3 nanometrlik M3 \u00e7ipini t\u0259qdim etmi\u015fdi. O, art\u0131q MacBook Pro 14 il\u0259 i\u015fl\u0259yir. 8 n\u00fcv\u0259li CPU v\u0259 10 n\u00fcv\u0259li GPU-nun yenil\u0259nmi\u015f dizayn\u0131, artan saat s\u00fcr\u0259ti, 24 GB opertiv yadda\u015f tamamil\u0259 yeni imkanlar a\u00e7\u0131r. \u015eirk\u0259tin \u00f6z\u00fcn\u00fcn d\u0259 dediyi kimi, performans M1 noutbuklar\u0131 il\u0259 m\u00fcqayis\u0259d\u0259 60%, Intel cihazlar\u0131 il\u0259 is\u0259 13 d\u0259f\u0259 art\u0131b. Bu praktikada n\u0259yi g\u00fcst\u0259rir? Yenil\u0259nmi\u015f dizayn video, fotolar\u0131n i\u015fl\u0259nm\u0259si v\u0259 dig\u0259r laz\u0131ml\u0131 tap\u015f\u0131r\u0131qlar\u0131 daha s\u0259m\u0259r\u0259li yerin\u0259 yetirir. Bu, optimal tap\u015f\u0131r\u0131q payla\u015fd\u0131r\u0131lmas\u0131 s\u0259b\u0259bind\u0259n ba\u015f verir.<\/p><p><img decoding=\"async\" loading=\"lazy\" class=\"alignnone size-full wp-image-5727\" src=\"https:\/\/ispace.az\/blog\/wp-content\/uploads\/2024\/03\/Apple-MacBook-Air-Final-Cut-Pro-Stage-Manager-Pixelmator-240304.jpg\" alt=\"\" width=\"1960\" height=\"1102\" srcset=\"https:\/\/ispace.az\/blog\/wp-content\/uploads\/2024\/03\/Apple-MacBook-Air-Final-Cut-Pro-Stage-Manager-Pixelmator-240304.jpg 1960w, https:\/\/ispace.az\/blog\/wp-content\/uploads\/2024\/03\/Apple-MacBook-Air-Final-Cut-Pro-Stage-Manager-Pixelmator-240304-300x169.jpg 300w, https:\/\/ispace.az\/blog\/wp-content\/uploads\/2024\/03\/Apple-MacBook-Air-Final-Cut-Pro-Stage-Manager-Pixelmator-240304-1024x576.jpg 1024w, https:\/\/ispace.az\/blog\/wp-content\/uploads\/2024\/03\/Apple-MacBook-Air-Final-Cut-Pro-Stage-Manager-Pixelmator-240304-768x432.jpg 768w, https:\/\/ispace.az\/blog\/wp-content\/uploads\/2024\/03\/Apple-MacBook-Air-Final-Cut-Pro-Stage-Manager-Pixelmator-240304-1536x864.jpg 1536w\" sizes=\"(max-width: 1960px) 100vw, 1960px\" \/><\/p><p><span data-contrast=\"auto\">Bu r\u0259q\u0259ml\u0259rd\u0259 bel\u0259 g\u00f6r\u00fcn\u00fcr:<\/span><span data-ccp-props=\"{\">\u00a0<\/span><\/p><ul><li data-leveltext=\"\u25cf\" data-font=\"\" data-listid=\"3\" data-list-defn-props=\"{\" aria-setsize=\"-1\" data-aria-posinset=\"5\" data-aria-level=\"1\">Excel-in i\u015fi M1 cihazlarlar\u0131 il\u0259 m\u00fcqayis\u0259d\u0259 35% , Intel cihazlar\u0131 il\u0259 m\u00fcqayis\u0259d\u0259 is\u0259 3 d\u0259f\u0259 daha s\u00fcr\u0259tli oldu;<\/li><li data-leveltext=\"\u25cf\" data-font=\"\" data-listid=\"3\" data-list-defn-props=\"{\" aria-setsize=\"-1\" data-aria-posinset=\"6\" data-aria-level=\"1\">Photomator \u015f\u0259kill\u0259ri M1-d\u0259ki texnologiyadan 40%, \u0130ntel-d\u0259n is\u0259 15 d\u0259f\u0259 daha tez emal edir;<\/li><li data-leveltext=\"\u25cf\" data-font=\"\" data-listid=\"3\" data-list-defn-props=\"{\" aria-setsize=\"-1\" data-aria-posinset=\"7\" data-aria-level=\"1\">Final Cut Pro-da video montaj\u0131 M1 il\u0259 m\u00fcqayis\u0259d\u0259 60% daha s\u00fcr\u0259tli, \u0130ntel il\u0259 meqayis\u0259d\u0259 is\u0259 13 d\u0259f\u0259 daha operativdir.<\/li><\/ul><p>Komp\u00fcter oyunlar\u0131n\u0131 da x\u00fcsusi olaraq qeyd etm\u0259k ist\u0259yirik. \u00c7\u00fcnki burada MacBook Air M3 m\u00fctl\u0259q \u00e7empiondur. O, daha canl\u0131 g\u00f6r\u00fcnt\u00fc v\u0259 realistik i\u015f\u0131qland\u0131rma \u00fc\u00e7\u00fcn aparat \u015f\u00fcalar\u0131n\u0131n izl\u0259nilm\u0259sini d\u0259st\u0259kl\u0259yir. Dig\u0259r modell\u0259r buna qadir deyil.<\/p><p><img decoding=\"async\" loading=\"lazy\" class=\"alignnone size-full wp-image-5728\" src=\"https:\/\/ispace.az\/blog\/wp-content\/uploads\/2024\/03\/Apple-MacBook-Air-lifestyle-gaming-240304.jpg\" alt=\"\" width=\"1960\" height=\"1102\" srcset=\"https:\/\/ispace.az\/blog\/wp-content\/uploads\/2024\/03\/Apple-MacBook-Air-lifestyle-gaming-240304.jpg 1960w, https:\/\/ispace.az\/blog\/wp-content\/uploads\/2024\/03\/Apple-MacBook-Air-lifestyle-gaming-240304-300x169.jpg 300w, https:\/\/ispace.az\/blog\/wp-content\/uploads\/2024\/03\/Apple-MacBook-Air-lifestyle-gaming-240304-1024x576.jpg 1024w, https:\/\/ispace.az\/blog\/wp-content\/uploads\/2024\/03\/Apple-MacBook-Air-lifestyle-gaming-240304-768x432.jpg 768w, https:\/\/ispace.az\/blog\/wp-content\/uploads\/2024\/03\/Apple-MacBook-Air-lifestyle-gaming-240304-1536x864.jpg 1536w\" sizes=\"(max-width: 1960px) 100vw, 1960px\" \/><\/p><p>Prosessorun dig\u0259r \u00fcst\u00fcnl\u00fckl\u0259ri aras\u0131nda y\u00fcks\u0259k keyfiyy\u0259tli video ax\u0131n\u0131 \u00fc\u00e7\u00fcn AV1 de\u015fifr\u0259 d\u0259st\u0259yi yer al\u0131r.<\/p><p>Biz M3-\u00fcn passiv soyutma sistemi il\u0259 performans\u0131n\u0131 ilk d\u0259f\u0259 qiym\u0259tl\u0259ndir\u0259 bil\u0259rik. Noutbukun soyuducu ventilyatorlar\u0131 yoxdur. \u0130stilik korpisun k\u0259narlar\u0131 vasit\u0259sil\u0259 t\u0259bii yol il\u0259 \u00e7\u0131x\u0131r. V\u0259 bu c\u00fcr sisteml\u0259 bel\u0259, komp\u00fcter \u00e7ox i\u015fl\u0259dikd\u0259 bel\u0259 \u00e7ox q\u0131zm\u0131r, h\u0259m baza, h\u0259m d\u0259 daha m\u00fcr\u0259kk\u0259b v\u0259zif\u0259l\u0259rin \u00f6hd\u0259sind\u0259n g\u0259lir. Bu aktiv soyutma sistemi olan Intel v\u0259 AMD prosessorlu cihazlar bel\u0259 daha effektivdir.<\/p><p><strong>Vacib qeyd:<\/strong> MacBook Air M3 s\u00fcni intellek \u00fc\u00e7\u00fcn g\u00fcn\u00fcm\u00fcz\u00fcn \u0259n yax\u015f\u0131 istehlak\u00e7\u0131 noutbukudur. Bunlar\u0131n ham\u0131s\u0131 yenil\u0259nmi\u015f neyron koprosessoru olan Neural Engine say\u0259sind\u0259dir. S\u00fcni intellektl\u0259 i\u015fl\u0259y\u0259n t\u0259tbiql\u0259rin geni\u015f ekosistemin\u0259 d\u0259st\u0259yi Pixelmator v\u0259 Pro-da \u015f\u0259kill\u0259ri, CapCut-da videolar\u0131 redakt\u0259 etm\u0259y\u0259 imkan verir.<\/p><h3 aria-level=\"2\">G\u0259lin \u00fcmumil\u0259\u015fdir\u0259k<\/h3><p>Mac cihaz\u0131n\u0131z\u0131 yenil\u0259m\u0259k v\u0259 MacBook M2 yoxsa M3 almaq haqq\u0131nda d\u00fc\u015f\u00fcn\u00fcrs\u00fcn\u00fczs\u0259, ikinci varianta n\u0259z\u0259r yetirm\u0259yi t\u00f6vsiy\u0259 edirik. Yeni m\u0259hsul Mac-a ilk d\u0259f\u0259 ke\u00e7\u0259n v\u0259 g\u0259l\u0259c\u0259yi d\u00fc\u015f\u00fcn\u0259nl\u0259r \u00fc\u00e7\u00fcn uy\u011fun se\u00e7im olacaq. Noutbuk \u00e7ox a\u011f\u0131r i\u015fl\u0259r \u00fc\u00e7\u00fcn n\u0259z\u0259rd\u0259 tutulmay\u0131b (bunun \u00fc\u00e7\u00fcn<\/p><p>Pro versiyas\u0131 var), lakin o, internetd\u0259 m\u0259tn, n\u00f6mr\u0259l\u0259r, c\u0259dv\u0259ll\u0259r, t\u0259qdimatlar v\u0259 \u015f\u0259kill\u0259r il\u0259 i\u015fl\u0259y\u0259nl\u0259r \u00fc\u00e7\u00fcn uy\u011fundur. Noutbuk a\u011f\u0131r i\u015fl\u0259ri, oyunlar\u0131 v\u0259 asanl\u0131qla idar\u0259 edir v\u0259 tez-tez yolda i\u015fl\u0259y\u0259n insanlar \u00fc\u00e7\u00fcn uy\u011fundur. Ax\u0131, MacBook Air M3 y\u00fcng\u00fcl v\u0259 y\u0131\u011fcamd\u0131r. Buna g\u00f6r\u0259 o, da\u015f\u0131nmaq \u00fc\u00e7\u00fcn olduqca \u0259lveri\u015flidir.<\/p><p><img decoding=\"async\" loading=\"lazy\" class=\"alignnone size-full wp-image-5729\" src=\"https:\/\/ispace.az\/blog\/wp-content\/uploads\/2024\/03\/Snimok-ekrana-2024-03-11-184007.png\" alt=\"\" width=\"1032\" height=\"587\" srcset=\"https:\/\/ispace.az\/blog\/wp-content\/uploads\/2024\/03\/Snimok-ekrana-2024-03-11-184007.png 1032w, https:\/\/ispace.az\/blog\/wp-content\/uploads\/2024\/03\/Snimok-ekrana-2024-03-11-184007-300x171.png 300w, https:\/\/ispace.az\/blog\/wp-content\/uploads\/2024\/03\/Snimok-ekrana-2024-03-11-184007-1024x582.png 1024w, https:\/\/ispace.az\/blog\/wp-content\/uploads\/2024\/03\/Snimok-ekrana-2024-03-11-184007-768x437.png 768w\" sizes=\"(max-width: 1032px) 100vw, 1032px\" \/><\/p><h3 aria-level=\"2\"><span data-ccp-props=\"{\">B\u0259s Az\u0259rbaycanda MacBook Air M3-\u00fc n\u0259 vaxt almaq m\u00fcmk\u00fcn olacaq?<\/span><\/h3><p>M\u0259hsul tezlikl\u0259 \u00f6lk\u0259mizd\u0259 sat\u0131\u015fa burax\u0131lacaq. Onun sat\u0131\u015f\u0131 oflayn iSpace ma\u011fazalar\u0131nda, h\u0259m d\u0259 r\u0259smi sayt\u0131m\u0131zda h\u0259yata ke\u00e7iril\u0259c\u0259k. MacBook Air M3-\u00fcn qiym\u0259ti n\u0259 q\u0259d\u0259rdir? MacBook Air M3-\u00fcn qiym\u0259ti bar\u0259d\u0259 h\u0259l\u0259 he\u00e7 bir r\u0259smi m\u0259lumat yoxdur. Yenilikl\u0259rd\u0259n x\u0259b\u0259rdar olmaq ist\u0259yirsinizs\u0259, sayt\u0131m\u0131zdak\u0131 yenil\u0259m\u0259l\u0259ri izl\u0259yin v\u0259 <a href=\"https:\/\/www.instagram.com\/ispace_az\/\"><strong>Instagram<\/strong><\/a> profilimiz\u0259 abun\u0259 olun. \u00d6nc\u0259d\u0259n sifari\u015fl\u0259rin ba\u015flanmas\u0131 v\u0259 yeni m\u0259hsulun qiym\u0259ti bar\u0259d\u0259 siz\u0259 m\u0259lumat ver\u0259c\u0259yik.<\/p><p><b>H\u018fM\u00c7\u0130N\u0130N OXUYUN<\/b><\/p><p class=\"title\"><a href=\"https:\/\/ispace.az\/blog\/g-l-c-k-dusunduyunuzd-n-d-yaxindir-apple-vision-pro-2024-cu-ilin-unikal-yeniliyi\/\"><strong>G\u0259l\u0259c\u0259k d\u00fc\u015f\u00fcnd\u00fcy\u00fcn\u00fczd\u0259n d\u0259 yax\u0131nd\u0131r. Apple Vision Pro \u2014 2024-c\u00fc ilin unikal yeniliyi\u00a0<\/strong><\/a><\/p>\t\t\t\t\t\t<\/div>\n\t\t\t\t<\/div>\n\t\t\t\t\t<\/div>\n\t\t<\/div>\n\t\t\t\t\t\t\t<\/div>\n\t\t<\/section>\n\t\t\t\t\t\t<\/div>\n\t\t\t\t\t<\/div>\n\t\t","protected":false},"excerpt":{"rendered":"<p>G\u0259lin yeni m\u0259hsul haqq\u0131nda daha \u0259trafl\u0131 dan\u0131\u015faq. Mart\u0131n 4-d\u0259 Apple 13,6 v\u0259 15,3 d\u00fcym g\u00fcc\u0259 malik, M3 prosessorlu iki yenil\u0259nmi\u015f MacBook Air modelini t\u0259qdim etdi. Yeni komp\u00fcterl\u0259rin \u0259sas x\u00fcsusiyy\u0259tl\u0259ri ultra portativ dizayn, yeni performans s\u0259viyy\u0259si, enerji s\u0259m\u0259r\u0259liliyi v\u0259 18 saatl\u0131q batareya \u00f6mr\u00fcn\u00fcn olmas\u0131d\u0131r. M3 \u00e7ipi \u0259n s\u00fcr\u0259tli Intel \u0259sasl\u0131 MacBook Air-d\u0259n 13 d\u0259f\u0259 daha s\u00fcr\u0259tli, [&hellip;]<\/p>\n","protected":false},"author":1,"featured_media":5719,"comment_status":"closed","ping_status":"open","sticky":false,"template":"","format":"standard","meta":[],"categories":[88,152],"tags":[166,198],"yoast_head":"<!-- This site is optimized with the Yoast SEO Premium plugin v20.2.1 (Yoast SEO v20.2.1) - https:\/\/yoast.com\/wordpress\/plugins\/seo\/ -->\n<title>MacBook Air M3 haqq\u0131nda h\u0259r \u015fey. Yenil\u0259m\u0259y\u0259 d\u0259y\u0259rmi? - iSpace<\/title>\n<meta name=\"description\" content=\"M3 prossesorlu MacBook Air-in sensasiyal\u0131 yenlikl\u0259rini qar\u015f\u0131lay\u0131n.\" \/>\n<meta name=\"robots\" content=\"index, follow, max-snippet:-1, max-image-preview:large, max-video-preview:-1\" \/>\n<link rel=\"canonical\" href=\"https:\/\/ispace.az\/blog\/macbook-air-m3-haqqinda-h-r-sey-yenil-m-y-d-y-rmi\/\" \/>\n<meta property=\"og:locale\" content=\"ru_RU\" \/>\n<meta property=\"og:type\" content=\"article\" \/>\n<meta property=\"og:title\" content=\"MacBook Air M3 haqq\u0131nda h\u0259r \u015fey. Yenil\u0259m\u0259y\u0259 d\u0259y\u0259rmi?\" \/>\n<meta property=\"og:description\" content=\"M3 prossesorlu MacBook Air-in sensasiyal\u0131 yenlikl\u0259rini qar\u015f\u0131lay\u0131n.\" \/>\n<meta property=\"og:url\" content=\"https:\/\/ispace.az\/blog\/macbook-air-m3-haqqinda-h-r-sey-yenil-m-y-d-y-rmi\/\" \/>\n<meta property=\"og:site_name\" content=\"iSpace\" \/>\n<meta property=\"article:published_time\" content=\"2024-03-12T14:23:46+00:00\" \/>\n<meta property=\"article:modified_time\" content=\"2024-03-12T14:26:53+00:00\" \/>\n<meta property=\"og:image\" content=\"https:\/\/ispace.az\/blog\/wp-content\/uploads\/2024\/03\/Apple-MacBook-Air-2-up-front-240304.jpg\" \/>\n\t<meta property=\"og:image:width\" content=\"1960\" \/>\n\t<meta property=\"og:image:height\" content=\"1102\" \/>\n\t<meta property=\"og:image:type\" content=\"image\/jpeg\" \/>\n<meta name=\"author\" content=\"istoreadm\" \/>\n<meta name=\"twitter:card\" content=\"summary_large_image\" \/>\n<meta name=\"twitter:label1\" content=\"\u041d\u0430\u043f\u0438\u0441\u0430\u043d\u043e \u0430\u0432\u0442\u043e\u0440\u043e\u043c\" \/>\n\t<meta name=\"twitter:data1\" content=\"istoreadm\" \/>\n\t<meta name=\"twitter:label2\" content=\"\u041f\u0440\u0438\u043c\u0435\u0440\u043d\u043e\u0435 \u0432\u0440\u0435\u043c\u044f \u0434\u043b\u044f \u0447\u0442\u0435\u043d\u0438\u044f\" \/>\n\t<meta name=\"twitter:data2\" content=\"8 \u043c\u0438\u043d\u0443\u0442\" \/>\n<script type=\"application\/ld+json\" class=\"yoast-schema-graph\">{\"@context\":\"https:\/\/schema.org\",\"@graph\":[{\"@type\":\"WebPage\",\"@id\":\"https:\/\/ispace.az\/blog\/macbook-air-m3-haqqinda-h-r-sey-yenil-m-y-d-y-rmi\/\",\"url\":\"https:\/\/ispace.az\/blog\/macbook-air-m3-haqqinda-h-r-sey-yenil-m-y-d-y-rmi\/\",\"name\":\"MacBook Air M3 haqq\u0131nda h\u0259r \u015fey. Yenil\u0259m\u0259y\u0259 d\u0259y\u0259rmi? - iSpace\",\"isPartOf\":{\"@id\":\"https:\/\/ispace.az\/blog\/#website\"},\"datePublished\":\"2024-03-12T14:23:46+00:00\",\"dateModified\":\"2024-03-12T14:26:53+00:00\",\"author\":{\"@id\":\"https:\/\/ispace.az\/blog\/#\/schema\/person\/ee7c990e7f16a92ff015648f1d3212cd\"},\"description\":\"M3 prossesorlu MacBook Air-in sensasiyal\u0131 yenlikl\u0259rini qar\u015f\u0131lay\u0131n.\",\"breadcrumb\":{\"@id\":\"https:\/\/ispace.az\/blog\/macbook-air-m3-haqqinda-h-r-sey-yenil-m-y-d-y-rmi\/#breadcrumb\"},\"inLanguage\":\"ru-RU\",\"potentialAction\":[{\"@type\":\"ReadAction\",\"target\":[\"https:\/\/ispace.az\/blog\/macbook-air-m3-haqqinda-h-r-sey-yenil-m-y-d-y-rmi\/\"]}]},{\"@type\":\"BreadcrumbList\",\"@id\":\"https:\/\/ispace.az\/blog\/macbook-air-m3-haqqinda-h-r-sey-yenil-m-y-d-y-rmi\/#breadcrumb\",\"itemListElement\":[{\"@type\":\"ListItem\",\"position\":1,\"name\":\"\u0413\u043b\u0430\u0432\u043d\u0430\u044f \u0441\u0442\u0440\u0430\u043d\u0438\u0446\u0430\",\"item\":\"https:\/\/ispace.az\/blog\/ru\/\"},{\"@type\":\"ListItem\",\"position\":2,\"name\":\"MacBook Air M3 haqq\u0131nda h\u0259r \u015fey. Yenil\u0259m\u0259y\u0259 d\u0259y\u0259rmi?\"}]},{\"@type\":\"WebSite\",\"@id\":\"https:\/\/ispace.az\/blog\/#website\",\"url\":\"https:\/\/ispace.az\/blog\/\",\"name\":\"iSpace\",\"description\":\"iSpace blog\",\"potentialAction\":[{\"@type\":\"SearchAction\",\"target\":{\"@type\":\"EntryPoint\",\"urlTemplate\":\"https:\/\/ispace.az\/blog\/?s={search_term_string}\"},\"query-input\":\"required name=search_term_string\"}],\"inLanguage\":\"ru-RU\"},{\"@type\":\"Person\",\"@id\":\"https:\/\/ispace.az\/blog\/#\/schema\/person\/ee7c990e7f16a92ff015648f1d3212cd\",\"name\":\"istoreadm\",\"image\":{\"@type\":\"ImageObject\",\"inLanguage\":\"ru-RU\",\"@id\":\"https:\/\/ispace.az\/blog\/#\/schema\/person\/image\/\",\"url\":\"https:\/\/secure.gravatar.com\/avatar\/3ab1424e156237432133bacf1fcdd22d?s=96&d=mm&r=g\",\"contentUrl\":\"https:\/\/secure.gravatar.com\/avatar\/3ab1424e156237432133bacf1fcdd22d?s=96&d=mm&r=g\",\"caption\":\"istoreadm\"},\"url\":\"https:\/\/ispace.az\/blog\/author\/istoreadm\/\"}]}<\/script>\n<!-- \/ Yoast SEO Premium plugin. -->","yoast_head_json":{"title":"MacBook Air M3 haqq\u0131nda h\u0259r \u015fey. Yenil\u0259m\u0259y\u0259 d\u0259y\u0259rmi? - iSpace","description":"M3 prossesorlu MacBook Air-in sensasiyal\u0131 yenlikl\u0259rini qar\u015f\u0131lay\u0131n.","robots":{"index":"index","follow":"follow","max-snippet":"max-snippet:-1","max-image-preview":"max-image-preview:large","max-video-preview":"max-video-preview:-1"},"canonical":"https:\/\/ispace.az\/blog\/macbook-air-m3-haqqinda-h-r-sey-yenil-m-y-d-y-rmi\/","og_locale":"ru_RU","og_type":"article","og_title":"MacBook Air M3 haqq\u0131nda h\u0259r \u015fey. Yenil\u0259m\u0259y\u0259 d\u0259y\u0259rmi?","og_description":"M3 prossesorlu MacBook Air-in sensasiyal\u0131 yenlikl\u0259rini qar\u015f\u0131lay\u0131n.","og_url":"https:\/\/ispace.az\/blog\/macbook-air-m3-haqqinda-h-r-sey-yenil-m-y-d-y-rmi\/","og_site_name":"iSpace","article_published_time":"2024-03-12T14:23:46+00:00","article_modified_time":"2024-03-12T14:26:53+00:00","og_image":[{"width":1960,"height":1102,"url":"https:\/\/ispace.az\/blog\/wp-content\/uploads\/2024\/03\/Apple-MacBook-Air-2-up-front-240304.jpg","type":"image\/jpeg"}],"author":"istoreadm","twitter_card":"summary_large_image","twitter_misc":{"\u041d\u0430\u043f\u0438\u0441\u0430\u043d\u043e \u0430\u0432\u0442\u043e\u0440\u043e\u043c":"istoreadm","\u041f\u0440\u0438\u043c\u0435\u0440\u043d\u043e\u0435 \u0432\u0440\u0435\u043c\u044f \u0434\u043b\u044f \u0447\u0442\u0435\u043d\u0438\u044f":"8 \u043c\u0438\u043d\u0443\u0442"},"schema":{"@context":"https:\/\/schema.org","@graph":[{"@type":"WebPage","@id":"https:\/\/ispace.az\/blog\/macbook-air-m3-haqqinda-h-r-sey-yenil-m-y-d-y-rmi\/","url":"https:\/\/ispace.az\/blog\/macbook-air-m3-haqqinda-h-r-sey-yenil-m-y-d-y-rmi\/","name":"MacBook Air M3 haqq\u0131nda h\u0259r \u015fey. Yenil\u0259m\u0259y\u0259 d\u0259y\u0259rmi? - iSpace","isPartOf":{"@id":"https:\/\/ispace.az\/blog\/#website"},"datePublished":"2024-03-12T14:23:46+00:00","dateModified":"2024-03-12T14:26:53+00:00","author":{"@id":"https:\/\/ispace.az\/blog\/#\/schema\/person\/ee7c990e7f16a92ff015648f1d3212cd"},"description":"M3 prossesorlu MacBook Air-in sensasiyal\u0131 yenlikl\u0259rini qar\u015f\u0131lay\u0131n.","breadcrumb":{"@id":"https:\/\/ispace.az\/blog\/macbook-air-m3-haqqinda-h-r-sey-yenil-m-y-d-y-rmi\/#breadcrumb"},"inLanguage":"ru-RU","potentialAction":[{"@type":"ReadAction","target":["https:\/\/ispace.az\/blog\/macbook-air-m3-haqqinda-h-r-sey-yenil-m-y-d-y-rmi\/"]}]},{"@type":"BreadcrumbList","@id":"https:\/\/ispace.az\/blog\/macbook-air-m3-haqqinda-h-r-sey-yenil-m-y-d-y-rmi\/#breadcrumb","itemListElement":[{"@type":"ListItem","position":1,"name":"\u0413\u043b\u0430\u0432\u043d\u0430\u044f \u0441\u0442\u0440\u0430\u043d\u0438\u0446\u0430","item":"https:\/\/ispace.az\/blog\/ru\/"},{"@type":"ListItem","position":2,"name":"MacBook Air M3 haqq\u0131nda h\u0259r \u015fey. Yenil\u0259m\u0259y\u0259 d\u0259y\u0259rmi?"}]},{"@type":"WebSite","@id":"https:\/\/ispace.az\/blog\/#website","url":"https:\/\/ispace.az\/blog\/","name":"iSpace","description":"iSpace blog","potentialAction":[{"@type":"SearchAction","target":{"@type":"EntryPoint","urlTemplate":"https:\/\/ispace.az\/blog\/?s={search_term_string}"},"query-input":"required name=search_term_string"}],"inLanguage":"ru-RU"},{"@type":"Person","@id":"https:\/\/ispace.az\/blog\/#\/schema\/person\/ee7c990e7f16a92ff015648f1d3212cd","name":"istoreadm","image":{"@type":"ImageObject","inLanguage":"ru-RU","@id":"https:\/\/ispace.az\/blog\/#\/schema\/person\/image\/","url":"https:\/\/secure.gravatar.com\/avatar\/3ab1424e156237432133bacf1fcdd22d?s=96&d=mm&r=g","contentUrl":"https:\/\/secure.gravatar.com\/avatar\/3ab1424e156237432133bacf1fcdd22d?s=96&d=mm&r=g","caption":"istoreadm"},"url":"https:\/\/ispace.az\/blog\/author\/istoreadm\/"}]}},"frontimg":"https:\/\/ispace.az\/blog\/wp-content\/uploads\/2024\/03\/Apple-MacBook-Air-2-up-front-240304-320x220.jpg","frontimglarge":"https:\/\/ispace.az\/blog\/wp-content\/uploads\/2024\/03\/Apple-MacBook-Air-2-up-front-240304-730x300.jpg","acf":{"select_banner_style":"1","select_sidebar":"0","axil_post_review_box":false},"_links":{"self":[{"href":"https:\/\/ispace.az\/blog\/wp-json\/wp\/v2\/posts\/5751"}],"collection":[{"href":"https:\/\/ispace.az\/blog\/wp-json\/wp\/v2\/posts"}],"about":[{"href":"https:\/\/ispace.az\/blog\/wp-json\/wp\/v2\/types\/post"}],"author":[{"embeddable":true,"href":"https:\/\/ispace.az\/blog\/wp-json\/wp\/v2\/users\/1"}],"replies":[{"embeddable":true,"href":"https:\/\/ispace.az\/blog\/wp-json\/wp\/v2\/comments?post=5751"}],"version-history":[{"count":5,"href":"https:\/\/ispace.az\/blog\/wp-json\/wp\/v2\/posts\/5751\/revisions"}],"predecessor-version":[{"id":5757,"href":"https:\/\/ispace.az\/blog\/wp-json\/wp\/v2\/posts\/5751\/revisions\/5757"}],"wp:featuredmedia":[{"embeddable":true,"href":"https:\/\/ispace.az\/blog\/wp-json\/wp\/v2\/media\/5719"}],"wp:attachment":[{"href":"https:\/\/ispace.az\/blog\/wp-json\/wp\/v2\/media?parent=5751"}],"wp:term":[{"taxonomy":"category","embeddable":true,"href":"https:\/\/ispace.az\/blog\/wp-json\/wp\/v2\/categories?post=5751"},{"taxonomy":"post_tag","embeddable":true,"href":"https:\/\/ispace.az\/blog\/wp-json\/wp\/v2\/tags?post=5751"}],"curies":[{"name":"wp","href":"https:\/\/api.w.org\/{rel}","templated":true}]}}